{"id":3206,"date":"2022-03-16T11:33:56","date_gmt":"2022-03-16T11:33:56","guid":{"rendered":"https:\/\/bellvitge.escolateresiana.com\/2022\/03\/16\/plan-de-convivencia\/"},"modified":"2024-05-07T14:07:10","modified_gmt":"2024-05-07T14:07:10","slug":"plan-de-convivencia","status":"publish","type":"post","link":"https:\/\/bellvitge.escolateresiana.com\/es\/2022\/03\/16\/plan-de-convivencia\/","title":{"rendered":"PLAN DE CONVIVENCIA"},"content":{"rendered":"<p>[vc_row css_animation=\u00bb\u00bb row_type=\u00bbrow\u00bb use_row_as_full_screen_section=\u00bbno\u00bb type=\u00bbfull_width\u00bb angled_section=\u00bbno\u00bb text_align=\u00bbleft\u00bb background_image_as_pattern=\u00bbwithout_pattern\u00bb padding_top=\u00bb0&#8243; padding_bottom=\u00bb14&#8243;][vc_column][vc_column_text]La escuela es el espacio donde el alumnado, peque\u00f1os y peque\u00f1as, j\u00f3venes y adolescentes adquieren, no s\u00f3lo los conocimientos acad\u00e9micos sobre los que erigir\u00e1n sus futuras carreras profesionales, sino que tambi\u00e9n se convierte en uno de los espacios donde el alumnado adquiere los valores y h\u00e1bitos sociales para convertirse en ciudadanos y ciudadanas. De esta forma, aprender a vivir en convivencia, ya desde los primeros pasos en la escuela, se convierte en algo esencial para poder ofrecer una educaci\u00f3n de calidad que tenga en cuenta todos los \u00e1mbitos de la educaci\u00f3n.<\/p>\n<p>De esta forma nace la necesidad de elaborar un <a href=\"https:\/\/bellvitge.escolateresiana.com\/images\/Curs_21-22\/Pla_de_Convivncia_21-22.pdf\" target=\"_blank\" rel=\"noopener\">documento<\/a> al que poder estructurar las diferentes medidas que, como centro, se quieren establecer para responder a las necesidades sociales y velar por la buena convivencia de todas las personas que formamos parte del paradigma educativo.\u00bb[\/vc_column_text][vc_empty_space height=\u00bb22px\u00bb][\/vc_column][\/vc_row]<\/p>\n","protected":false},"excerpt":{"rendered":"<p>La escuela es el espacio donde el alumnado, peque\u00f1os y peque\u00f1as, j\u00f3venes y adolescentes adquieren, no s\u00f3lo los conocimientos acad\u00e9micos sobre los que erigir\u00e1n&#8230;<\/p>\n","protected":false},"author":1,"featured_media":2910,"comment_status":"closed","ping_status":"closed","sticky":false,"template":"","format":"standard","meta":{"footnotes":""},"categories":[29],"tags":[],"class_list":["post-3206","post","type-post","status-publish","format-standard","has-post-thumbnail","hentry","category-colegio-padre-enrique-de-osso-bellvitge"],"_links":{"self":[{"href":"https:\/\/bellvitge.escolateresiana.com\/es\/wp-json\/wp\/v2\/posts\/3206","targetHints":{"allow":["GET"]}}],"collection":[{"href":"https:\/\/bellvitge.escolateresiana.com\/es\/wp-json\/wp\/v2\/posts"}],"about":[{"href":"https:\/\/bellvitge.escolateresiana.com\/es\/wp-json\/wp\/v2\/types\/post"}],"author":[{"embeddable":true,"href":"https:\/\/bellvitge.escolateresiana.com\/es\/wp-json\/wp\/v2\/users\/1"}],"replies":[{"embeddable":true,"href":"https:\/\/bellvitge.escolateresiana.com\/es\/wp-json\/wp\/v2\/comments?post=3206"}],"version-history":[{"count":1,"href":"https:\/\/bellvitge.escolateresiana.com\/es\/wp-json\/wp\/v2\/posts\/3206\/revisions"}],"predecessor-version":[{"id":3214,"href":"https:\/\/bellvitge.escolateresiana.com\/es\/wp-json\/wp\/v2\/posts\/3206\/revisions\/3214"}],"wp:featuredmedia":[{"embeddable":true,"href":"https:\/\/bellvitge.escolateresiana.com\/es\/wp-json\/wp\/v2\/media\/2910"}],"wp:attachment":[{"href":"https:\/\/bellvitge.escolateresiana.com\/es\/wp-json\/wp\/v2\/media?parent=3206"}],"wp:term":[{"taxonomy":"category","embeddable":true,"href":"https:\/\/bellvitge.escolateresiana.com\/es\/wp-json\/wp\/v2\/categories?post=3206"},{"taxonomy":"post_tag","embeddable":true,"href":"https:\/\/bellvitge.escolateresiana.com\/es\/wp-json\/wp\/v2\/tags?post=3206"}],"curies":[{"name":"wp","href":"https:\/\/api.w.org\/{rel}","templated":true}]}}