{"id":3220,"date":"2022-09-14T11:54:31","date_gmt":"2022-09-14T11:54:31","guid":{"rendered":"https:\/\/bellvitge.escolateresiana.com\/2022\/09\/14\/el-blog-del-bachillerato-artistico\/"},"modified":"2024-05-07T14:07:10","modified_gmt":"2024-05-07T14:07:10","slug":"el-blog-del-bachillerato-artistico","status":"publish","type":"post","link":"https:\/\/bellvitge.escolateresiana.com\/es\/2022\/09\/14\/el-blog-del-bachillerato-artistico\/","title":{"rendered":"EL BLOG DEL BACHILLERATO ART\u00cdSTICO"},"content":{"rendered":"<p>[vc_row css_animation=\u00bb\u00bb row_type=\u00bbrow\u00bb use_row_as_full_screen_section=\u00bbno\u00bb type=\u00bbfull_width\u00bb angled_section=\u00bbno\u00bb text_align=\u00bbleft\u00bb background_image_as_pattern=\u00bbwithout_pattern\u00bb padding_top=\u00bb0&#8243; padding_bottom=\u00bb14&#8243;][vc_column][vc_column_text]\u00a1OS INVITAMOS A VISITAR EL BLOG DEL BACHILLERATO ART\u00cdSTICO!<br \/>\nEn este espacio de exposici\u00f3n virtual podr\u00e1 encontrar los trabajos y actividades que realizan los alumnos de la modalidad de Artes. Queremos que sea un espacio virtual de exposici\u00f3n, donde compartir nuestros trabajos y experiencias en el mundo de las artes pl\u00e1sticas, y esperamos que, a\u00f1o tras a\u00f1o, vaya creciendo y enriqueci\u00e9ndose con las aportaciones de cada nueva promoci\u00f3n de futuros artistas.<\/p>\n<p>Puede ver el blog clicando en este <a href=\"https:\/\/batxilleratdartsedosso.blogspot.com\/\" target=\"_blank\" rel=\"noopener\">enlace<\/a>[\/vc_column_text][vc_empty_space height=\u00bb22px\u00bb][\/vc_column][\/vc_row]<\/p>\n","protected":false},"excerpt":{"rendered":"<p>En este espacio de exposici\u00f3n virtual podr\u00e1 encontrar los trabajos y actividades que realizan los alumnos de la modalidad de Artes.  <\/p>\n","protected":false},"author":1,"featured_media":2909,"comment_status":"closed","ping_status":"closed","sticky":false,"template":"","format":"standard","meta":{"footnotes":""},"categories":[29],"tags":[],"class_list":["post-3220","post","type-post","status-publish","format-standard","has-post-thumbnail","hentry","category-colegio-padre-enrique-de-osso-bellvitge"],"_links":{"self":[{"href":"https:\/\/bellvitge.escolateresiana.com\/es\/wp-json\/wp\/v2\/posts\/3220","targetHints":{"allow":["GET"]}}],"collection":[{"href":"https:\/\/bellvitge.escolateresiana.com\/es\/wp-json\/wp\/v2\/posts"}],"about":[{"href":"https:\/\/bellvitge.escolateresiana.com\/es\/wp-json\/wp\/v2\/types\/post"}],"author":[{"embeddable":true,"href":"https:\/\/bellvitge.escolateresiana.com\/es\/wp-json\/wp\/v2\/users\/1"}],"replies":[{"embeddable":true,"href":"https:\/\/bellvitge.escolateresiana.com\/es\/wp-json\/wp\/v2\/comments?post=3220"}],"version-history":[{"count":1,"href":"https:\/\/bellvitge.escolateresiana.com\/es\/wp-json\/wp\/v2\/posts\/3220\/revisions"}],"predecessor-version":[{"id":3228,"href":"https:\/\/bellvitge.escolateresiana.com\/es\/wp-json\/wp\/v2\/posts\/3220\/revisions\/3228"}],"wp:featuredmedia":[{"embeddable":true,"href":"https:\/\/bellvitge.escolateresiana.com\/es\/wp-json\/wp\/v2\/media\/2909"}],"wp:attachment":[{"href":"https:\/\/bellvitge.escolateresiana.com\/es\/wp-json\/wp\/v2\/media?parent=3220"}],"wp:term":[{"taxonomy":"category","embeddable":true,"href":"https:\/\/bellvitge.escolateresiana.com\/es\/wp-json\/wp\/v2\/categories?post=3220"},{"taxonomy":"post_tag","embeddable":true,"href":"https:\/\/bellvitge.escolateresiana.com\/es\/wp-json\/wp\/v2\/tags?post=3220"}],"curies":[{"name":"wp","href":"https:\/\/api.w.org\/{rel}","templated":true}]}}