{"id":3480,"date":"2024-06-04T07:40:01","date_gmt":"2024-06-04T07:40:01","guid":{"rendered":"https:\/\/bellvitge.escolateresiana.com\/2024\/06\/04\/ukeleles\/"},"modified":"2024-06-04T08:19:59","modified_gmt":"2024-06-04T08:19:59","slug":"ukeleles","status":"publish","type":"post","link":"https:\/\/bellvitge.escolateresiana.com\/es\/2024\/06\/04\/ukeleles\/","title":{"rendered":"UKELELES"},"content":{"rendered":"<p>[vc_row css_animation=\u00bb\u00bb row_type=\u00bbrow\u00bb use_row_as_full_screen_section=\u00bbno\u00bb type=\u00bbfull_width\u00bb angled_section=\u00bbno\u00bb text_align=\u00bbleft\u00bb background_image_as_pattern=\u00bbwithout_pattern\u00bb padding_top=\u00bb0&#8243; padding_bottom=\u00bb14&#8243;][vc_column][vc_empty_space height=\u00bb22px\u00bb][vc_column_text]Este curso hemos iniciado proyecto musical con la pr\u00e1ctica del Ukelele.<\/p>\n<p>El alumnado de 3.\u00ba de EP realiza una hora semanal de ukelele con el m\u00e9todo Kunde School\u2026 I, viendo el \u00e9xito de la experiencia y el inter\u00e9s que ha suscitado, no nos hemos podido estar de ampliar horizontes \u2026 As\u00ed que hemos hecho tambi\u00e9n un\u201dbocadito\u201d a 6.\u00ba y a 1.\u00ba de ESO. El pr\u00f3ximo curso tenemos previsto incluir tambi\u00e9n la propuesta en 4.\u00ba y 5.\u00ba de Primaria.<\/p>\n<p>La riqueza pedag\u00f3gica de la pr\u00e1ctica instrumental es muy amplia y destacamos especialmente, el descubrimiento del instrumento, la interpretaci\u00f3n de repertorio de estilos muy diversos, el autoconocimiento y la adquisici\u00f3n de h\u00e1bitos de ensayo mientras entrenamos la escucha activa y las acciones simult\u00e1neas, pero por encima de todo, tomamos conciencia de pertenencia al grupo y de comunidad, y entonces sucede la magia, y aparecen en el aula, de manera natural, preciosas actitudes de ayuda mutua. Porque sonamos juntos y sabemos que cada cual es indispensable por el conjunto.<\/p>\n<p>\u00a1Suenan los ukeleles! \u00a1Aprendemos, disfrutamos, expresamos&#8230;Y crecemos juntos! \u00a1Mucha M\u00fasica, artistas![\/vc_column_text][vc_empty_space height=\u00bb22px\u00bb][vc_single_image image=\u00bb3465&#8243; img_size=\u00bbfull\u00bb qode_css_animation=\u00bb\u00bb][vc_empty_space height=\u00bb22px\u00bb][\/vc_column][\/vc_row]<\/p>\n","protected":false},"excerpt":{"rendered":"<p>Este curso hemos iniciado proyecto musical con la pr\u00e1ctica del Ukelele. El alumnado de 3.\u00ba de EP realiza una hora semanal de ukelele&#8230;<\/p>\n","protected":false},"author":1,"featured_media":3463,"comment_status":"closed","ping_status":"open","sticky":false,"template":"","format":"standard","meta":{"footnotes":""},"categories":[29],"tags":[],"class_list":["post-3480","post","type-post","status-publish","format-standard","has-post-thumbnail","hentry","category-colegio-padre-enrique-de-osso-bellvitge"],"_links":{"self":[{"href":"https:\/\/bellvitge.escolateresiana.com\/es\/wp-json\/wp\/v2\/posts\/3480","targetHints":{"allow":["GET"]}}],"collection":[{"href":"https:\/\/bellvitge.escolateresiana.com\/es\/wp-json\/wp\/v2\/posts"}],"about":[{"href":"https:\/\/bellvitge.escolateresiana.com\/es\/wp-json\/wp\/v2\/types\/post"}],"author":[{"embeddable":true,"href":"https:\/\/bellvitge.escolateresiana.com\/es\/wp-json\/wp\/v2\/users\/1"}],"replies":[{"embeddable":true,"href":"https:\/\/bellvitge.escolateresiana.com\/es\/wp-json\/wp\/v2\/comments?post=3480"}],"version-history":[{"count":3,"href":"https:\/\/bellvitge.escolateresiana.com\/es\/wp-json\/wp\/v2\/posts\/3480\/revisions"}],"predecessor-version":[{"id":3484,"href":"https:\/\/bellvitge.escolateresiana.com\/es\/wp-json\/wp\/v2\/posts\/3480\/revisions\/3484"}],"wp:featuredmedia":[{"embeddable":true,"href":"https:\/\/bellvitge.escolateresiana.com\/es\/wp-json\/wp\/v2\/media\/3463"}],"wp:attachment":[{"href":"https:\/\/bellvitge.escolateresiana.com\/es\/wp-json\/wp\/v2\/media?parent=3480"}],"wp:term":[{"taxonomy":"category","embeddable":true,"href":"https:\/\/bellvitge.escolateresiana.com\/es\/wp-json\/wp\/v2\/categories?post=3480"},{"taxonomy":"post_tag","embeddable":true,"href":"https:\/\/bellvitge.escolateresiana.com\/es\/wp-json\/wp\/v2\/tags?post=3480"}],"curies":[{"name":"wp","href":"https:\/\/api.w.org\/{rel}","templated":true}]}}