{"id":3697,"date":"2024-10-17T06:21:48","date_gmt":"2024-10-17T06:21:48","guid":{"rendered":"https:\/\/bellvitge.escolateresiana.com\/2024\/10\/17\/proyectos-identitats-doc-y-identitats-foto\/"},"modified":"2024-10-17T06:28:52","modified_gmt":"2024-10-17T06:28:52","slug":"proyectos-identitats-doc-y-identitats-foto","status":"publish","type":"post","link":"https:\/\/bellvitge.escolateresiana.com\/es\/2024\/10\/17\/proyectos-identitats-doc-y-identitats-foto\/","title":{"rendered":"Proyectos IDENTITATS.DOC y IDENTITATS.FOTO"},"content":{"rendered":"<p>[vc_row css_animation=\u00bb\u00bb row_type=\u00bbrow\u00bb use_row_as_full_screen_section=\u00bbno\u00bb type=\u00bbfull_width\u00bb angled_section=\u00bbno\u00bb text_align=\u00bbleft\u00bb background_image_as_pattern=\u00bbwithout_pattern\u00bb padding_top=\u00bb0&#8243; padding_bottom=\u00bb14&#8243;][vc_column][vc_empty_space height=\u00bb22px\u00bb][vc_column_text]Los proyectos <strong>IDENTITATS.DOC y IDENTITATS.FOTO<\/strong> que realiz\u00f3 el alumnado de Cultura Audiovisual conjuntamente con j\u00f3venes del Esclat y de los pisos del Hogar Enrique de Oss\u00f3 durante los cursos 22\/23 y 23\/24, han sido seleccionados para presentarse al seminario<strong> APEC: Di\u00e1spora Cient\u00edfica y diversidad cultural en la investigaci\u00f3n 2024. <\/strong><\/p>\n<p>En el desarrollo de estos proyectos, el alumnado reflexion\u00f3 sobre su propia identidad relacion\u00e1ndose con j\u00f3venes de otro centro, buscando puntos en com\u00fan y generando v\u00ednculos. Cuatro semanas, durante las cuales el alumnado experiment\u00f3 con el retrato fotogr\u00e1fico y el collage y una vez finalizada el proyecto, expusieron sus obras en los muros de la entrada de la escuela<\/p>\n<p>La presentaci\u00f3n del proyecto se llevar\u00e1 a cabo durante los d\u00edas 13, 14 y 15 de Noviembre en la Universitat de Barcelona.<\/p>\n<p><a href=\"https:\/\/apecbcn.org\/seminario2024\/\" target=\"_blank\" rel=\"noopener\">https:\/\/apecbcn.org\/seminario2024\/<\/a>[\/vc_column_text][vc_empty_space height=\u00bb22px\u00bb][\/vc_column][\/vc_row]<\/p>\n","protected":false},"excerpt":{"rendered":"<p>Los proyectos IDENTITATS.DOC i IDENTITATS.FOTO que realiz\u00f3 el alumnado de Cultura Audiovisual conjuntamente con j\u00f3venes del Esclat&#8230;<\/p>\n","protected":false},"author":1,"featured_media":3694,"comment_status":"closed","ping_status":"open","sticky":false,"template":"","format":"standard","meta":{"footnotes":""},"categories":[29],"tags":[],"class_list":["post-3697","post","type-post","status-publish","format-standard","has-post-thumbnail","hentry","category-colegio-padre-enrique-de-osso-bellvitge"],"_links":{"self":[{"href":"https:\/\/bellvitge.escolateresiana.com\/es\/wp-json\/wp\/v2\/posts\/3697","targetHints":{"allow":["GET"]}}],"collection":[{"href":"https:\/\/bellvitge.escolateresiana.com\/es\/wp-json\/wp\/v2\/posts"}],"about":[{"href":"https:\/\/bellvitge.escolateresiana.com\/es\/wp-json\/wp\/v2\/types\/post"}],"author":[{"embeddable":true,"href":"https:\/\/bellvitge.escolateresiana.com\/es\/wp-json\/wp\/v2\/users\/1"}],"replies":[{"embeddable":true,"href":"https:\/\/bellvitge.escolateresiana.com\/es\/wp-json\/wp\/v2\/comments?post=3697"}],"version-history":[{"count":5,"href":"https:\/\/bellvitge.escolateresiana.com\/es\/wp-json\/wp\/v2\/posts\/3697\/revisions"}],"predecessor-version":[{"id":3704,"href":"https:\/\/bellvitge.escolateresiana.com\/es\/wp-json\/wp\/v2\/posts\/3697\/revisions\/3704"}],"wp:featuredmedia":[{"embeddable":true,"href":"https:\/\/bellvitge.escolateresiana.com\/es\/wp-json\/wp\/v2\/media\/3694"}],"wp:attachment":[{"href":"https:\/\/bellvitge.escolateresiana.com\/es\/wp-json\/wp\/v2\/media?parent=3697"}],"wp:term":[{"taxonomy":"category","embeddable":true,"href":"https:\/\/bellvitge.escolateresiana.com\/es\/wp-json\/wp\/v2\/categories?post=3697"},{"taxonomy":"post_tag","embeddable":true,"href":"https:\/\/bellvitge.escolateresiana.com\/es\/wp-json\/wp\/v2\/tags?post=3697"}],"curies":[{"name":"wp","href":"https:\/\/api.w.org\/{rel}","templated":true}]}}